{"id":1064,"date":"2023-12-02T15:06:20","date_gmt":"2023-12-02T13:06:20","guid":{"rendered":"http:\/\/musikkapelle-reimlingen.de\/?p=1064"},"modified":"2023-12-02T15:06:20","modified_gmt":"2023-12-02T13:06:20","slug":"bericht-fruehjahrskonzert-23","status":"publish","type":"post","link":"https:\/\/musikkapelle-reimlingen.de\/?p=1064","title":{"rendered":"Bericht Fr\u00fchjahrskonzert `23"},"content":{"rendered":"\n<figure class=\"wp-block-image size-large\"><a href=\"http:\/\/musikkapelle-reimlingen.de\/wp-content\/uploads\/2023\/04\/IMG_5448-scaled.jpg\"><img loading=\"lazy\" decoding=\"async\" width=\"1024\" height=\"683\" src=\"http:\/\/musikkapelle-reimlingen.de\/wp-content\/uploads\/2023\/04\/IMG_5448-1024x683.jpg\" alt=\"\" class=\"wp-image-1048\" srcset=\"https:\/\/musikkapelle-reimlingen.de\/wp-content\/uploads\/2023\/04\/IMG_5448-1024x683.jpg 1024w, https:\/\/musikkapelle-reimlingen.de\/wp-content\/uploads\/2023\/04\/IMG_5448-300x200.jpg 300w, https:\/\/musikkapelle-reimlingen.de\/wp-content\/uploads\/2023\/04\/IMG_5448-768x512.jpg 768w, https:\/\/musikkapelle-reimlingen.de\/wp-content\/uploads\/2023\/04\/IMG_5448-1536x1024.jpg 1536w, https:\/\/musikkapelle-reimlingen.de\/wp-content\/uploads\/2023\/04\/IMG_5448-2048x1365.jpg 2048w, https:\/\/musikkapelle-reimlingen.de\/wp-content\/uploads\/2023\/04\/IMG_5448-150x100.jpg 150w\" sizes=\"auto, (max-width: 1024px) 100vw, 1024px\" \/><\/a><\/figure>\n\n\n\n<p><\/p>\n\n\n\n<p><\/p>\n\n\n\n<p><strong>Musikkapelle Reimlingen: besondere Ehrung beim musikalischen<br>Fr\u00fchlingsauftakt<\/strong><\/p>\n\n\n\n<p><a><\/a> Mit dem Marsch \u201cSan Angelo\u201d von Siegfried Rundel er\u00f6ffnete die Jugendkapelle unter der<br>Leitung von Johannes Endmeier schwungvoll den ersten Teil des Konzertabends in der<br>Turnhalle des Bildungshauses St. Albert, bevor das Orchester die Zuh\u00f6rer mit dem Medley<br>\u201cQueen on Stage\u201d von Paul Murtha in die Zeit vergangener Rockhymnen zur\u00fcckversetzte und<br>Hits wie \u201cAnother One Bites the Dust\u201d, \u201cWe Will Rock You\u201d und \u201cWe Are the Champions\u201d<br>\u00fcberzeugend interpretierte: kraftvoll, mitrei\u00dfend und unverwechselbar. Zwar im gleichen<br>Genre angesiedelt, lud jedoch die melodische Ballade \u201cSailing\u201d von Rod Stewart<br>(Arrangement: Andr\u00e9 Waignein) das Publikum in Reimlingen mehr zum Tr\u00e4umen ein als zum<br>Mitklatschen. Ehe sich die Jugendkapelle mit einer Zugabe aus oben genanntem Queen-<br>Medley von den Besuchern verabschiedete, schloss der packende und zugleich entspannte<br>\u201cSummernight Rock\u201d von Steve McMillan den sehr beachtenswerten ersten Teil des Konzerts<br>ab.<\/p>\n\n\n\n<p><a><\/a><br>Nachdem die Hauptkapelle unter der Leitung von Karsten Sell auf der B\u00fchne Platz genommen<br>hatte und die G\u00e4ste mit dem Marsch \u201cServus Tirol\u201d des \u00d6sterreichers Martin Scharnagl<br>begr\u00fc\u00dfte, folgte das Hauptwerk des Abends: \u201cRed Rock Mountain\u201d, eine musikalische<br>Fantasie des US-amerikanischen Komponisten Rossano Galante \u00fcber die gleichnamige<br>Berglandschaft Pennsylvanias. Blechbl\u00e4serfanfaren und strahlende Melodielinien er\u00f6ffneten<br>das Werk zun\u00e4chst, gefolgt von emotionalen Passagen, die das Massiv bei Tagesanbruch<br>darstellten, um schlie\u00dflich in einem heroischen Finale als W\u00fcrdigung an dieses einzigartige<br>Panorama der amerikanischen Ostk\u00fcste zu gipfeln. Dirigent Karsten Sell forderte hierdurch<br>h\u00f6chste technische Anspr\u00fcche, die vom Orchester exzellent umgesetzt und von den Zuh\u00f6rern<br>lange mit Applaus honoriert wurden. Nach dem imposanten Konzertmarsch \u201cHoch<br>Heidecksburg\u201d von Rudolf Herzer entlie\u00df Jakob Forster, dessen Ansagen souver\u00e4n und<br>elegant durch das Programm f\u00fchrten, das Publikum in die Pause.<\/p>\n\n\n\n<p><a><\/a><br>Die Fortsetzung des Abends stand ganz im Zeichen der Filmmusik. In \u201cWho\u2019s That Masked<br>Man?\u201d von Jay Bocook wurden beliebte Themen von allesamt maskierten Filmhelden wie<br>Spider Man und Zorro zum Besten gegeben. Mit den weltbekannten Melodien aus \u201cDer K\u00f6nig<br>der L\u00f6wen\u201d vom deutschen Erfolgskomponisten Hans Zimmer und Pop-Ikone Elton John<br>(Arrangement: John Higgins) wurden die Besucher in die Welt von Simba und Mufasa<br>entf\u00fchrt, bevor der n\u00e4chste Teil des Konzerts der Ehrung verdienter Musiker galt. Neben<br>zahlreichen Auszeichnungen erfolgte dieses Jahr auch eine ganz besondere. Baritonist Peter<br>Kirchner bekam aus den H\u00e4nden von Joachim Braun, Bezirksvorsitzender im Bezirk 16 des<br>Allg\u00e4u-Schw\u00e4bischen Musikbundes, f\u00fcr 60-j\u00e4hriges aktives Musizieren das \u00e4u\u00dferst selten<br>vergebene Ehrenzeichen in Diamant am wei\u00dfblauen Band des Allg\u00e4u-Schw\u00e4bischen<br>Musikbundes verliehen.<\/p>\n\n\n\n<p><br>Es folgte \u201cLiverpool Sound Collection\u201d. So nennt sich das Medley des Japaners Toshihiko<br>Sahashi, das diverse Titel in sich vereint, deren Ursprung bei Bands aus Liverpool liegen. Die<br>Hauptkapelle verabschiedete sich von ihren G\u00e4sten mit dem Arrangement \u201cLili Marleen 2019\u201d<\/p>\n\n\n\n<p> von Jens-Peter Glau, in dem das bekannte Soldatenlied aus dem Jahr 1939 durch den Zusatz<br>neuer Harmonien und eines rhythmisch variierenden Trompetensignals in die Gegenwart<br>versetzt wird. Die geforderten Zugaben \u201cDeutschmeister-Regimentsmarsch\u201c und \u201ePolka<br>Party\u201c beendeten den \u00fcberaus gelungenen Konzertabend in Reimlingen.<\/p>\n\n\n\n<p>Johannes Endmeier<\/p>\n\n\n\n<p><\/p>\n\n\n\n<figure class=\"wp-block-image size-large\"><a href=\"http:\/\/musikkapelle-reimlingen.de\/wp-content\/uploads\/2023\/04\/IMG_5492-scaled.jpg\"><img loading=\"lazy\" decoding=\"async\" width=\"1024\" height=\"683\" src=\"http:\/\/musikkapelle-reimlingen.de\/wp-content\/uploads\/2023\/04\/IMG_5492-1024x683.jpg\" alt=\"\" class=\"wp-image-1049\" srcset=\"https:\/\/musikkapelle-reimlingen.de\/wp-content\/uploads\/2023\/04\/IMG_5492-1024x683.jpg 1024w, https:\/\/musikkapelle-reimlingen.de\/wp-content\/uploads\/2023\/04\/IMG_5492-300x200.jpg 300w, https:\/\/musikkapelle-reimlingen.de\/wp-content\/uploads\/2023\/04\/IMG_5492-768x512.jpg 768w, https:\/\/musikkapelle-reimlingen.de\/wp-content\/uploads\/2023\/04\/IMG_5492-1536x1024.jpg 1536w, https:\/\/musikkapelle-reimlingen.de\/wp-content\/uploads\/2023\/04\/IMG_5492-2048x1365.jpg 2048w, https:\/\/musikkapelle-reimlingen.de\/wp-content\/uploads\/2023\/04\/IMG_5492-150x100.jpg 150w\" sizes=\"auto, (max-width: 1024px) 100vw, 1024px\" \/><\/a><figcaption class=\"wp-element-caption\">F\u00fcr 60-j\u00e4hriges Musizieren hat Peter Kirchner das Ehrenzeichen in Diamant am wei\u00dfblauen Band erhalten<\/figcaption><\/figure>\n\n\n\n<p><strong>Weitere Ehrungen:<\/strong><\/p>\n\n\n\n<p><br><strong>15 Jahre:<\/strong>    <\/p>\n\n\n\n<p>Marco Deffner, Johannes Diethei, Johannes Gei\u00df, Eva Hackenberg, Johannes L\u00f6sch, Jakob Mayer,<br>Paul Mayer, Konrad Ott, Sophia Ott, Anna-Lena Schneele, Carolin Wohlfrom, Markus Wohlfrom, <br>Richard Wunderle, Felix Zimmermann<br><br><\/p>\n\n\n\n<p><strong>25 Jahre:<\/strong>    <\/p>\n\n\n\n<p>Maria-Theresia Bosch, Angelina Hofer, Stefanie Mielich, Kathrin Thum, Benjamin Weigl<\/p>\n\n\n\n<p><br><strong>40 Jahre:<\/strong>    <\/p>\n\n\n\n<p>Michael Hillenbrand, Franz Mayer<\/p>\n","protected":false},"excerpt":{"rendered":"<p>Musikkapelle Reimlingen: besondere Ehrung beim musikalischenFr\u00fchlingsauftakt Mit dem Marsch \u201cSan Angelo\u201d von Siegfried Rundel er\u00f6ffnete\u2026<\/p>\n<p class=\"continue-reading-button\"> <a class=\"continue-reading-link\" href=\"https:\/\/musikkapelle-reimlingen.de\/?p=1064\">Lesen<i class=\"crycon-right-dir\"><\/i><\/a><\/p>\n","protected":false},"author":1,"featured_media":0,"comment_status":"closed","ping_status":"closed","sticky":false,"template":"","format":"standard","meta":{"footnotes":""},"categories":[1],"tags":[],"class_list":["post-1064","post","type-post","status-publish","format-standard","hentry","category-allgemein"],"_links":{"self":[{"href":"https:\/\/musikkapelle-reimlingen.de\/index.php?rest_route=\/wp\/v2\/posts\/1064","targetHints":{"allow":["GET"]}}],"collection":[{"href":"https:\/\/musikkapelle-reimlingen.de\/index.php?rest_route=\/wp\/v2\/posts"}],"about":[{"href":"https:\/\/musikkapelle-reimlingen.de\/index.php?rest_route=\/wp\/v2\/types\/post"}],"author":[{"embeddable":true,"href":"https:\/\/musikkapelle-reimlingen.de\/index.php?rest_route=\/wp\/v2\/users\/1"}],"replies":[{"embeddable":true,"href":"https:\/\/musikkapelle-reimlingen.de\/index.php?rest_route=%2Fwp%2Fv2%2Fcomments&post=1064"}],"version-history":[{"count":3,"href":"https:\/\/musikkapelle-reimlingen.de\/index.php?rest_route=\/wp\/v2\/posts\/1064\/revisions"}],"predecessor-version":[{"id":1067,"href":"https:\/\/musikkapelle-reimlingen.de\/index.php?rest_route=\/wp\/v2\/posts\/1064\/revisions\/1067"}],"wp:attachment":[{"href":"https:\/\/musikkapelle-reimlingen.de\/index.php?rest_route=%2Fwp%2Fv2%2Fmedia&parent=1064"}],"wp:term":[{"taxonomy":"category","embeddable":true,"href":"https:\/\/musikkapelle-reimlingen.de\/index.php?rest_route=%2Fwp%2Fv2%2Fcategories&post=1064"},{"taxonomy":"post_tag","embeddable":true,"href":"https:\/\/musikkapelle-reimlingen.de\/index.php?rest_route=%2Fwp%2Fv2%2Ftags&post=1064"}],"curies":[{"name":"wp","href":"https:\/\/api.w.org\/{rel}","templated":true}]}}